{"id":926,"date":"2022-09-26T23:35:16","date_gmt":"2022-09-26T23:35:16","guid":{"rendered":"http:\/\/times.ces.uc.pt\/?p=926"},"modified":"2022-10-03T10:16:08","modified_gmt":"2022-10-03T10:16:08","slug":"times-na-conferencia-internacional-a-empresa-social-que-futuro","status":"publish","type":"post","link":"https:\/\/times.ces.uc.pt\/?p=926","title":{"rendered":"TIMES na Confer\u00eancia Internacional &#8220;A Empresa Social, que futuro?&#8221;"},"content":{"rendered":"<p>O Projeto TIMES \u00e9 apresentado como um dos estudos mais abrangentes sobre empresas sociais em Portugal no \u00e2mbito da <a href=\"https:\/\/www.cases.pt\/cies2022\/\">Confer\u00eancia Internacional &#8220;A Empresa Social, que futuro?&#8221;<\/a>, organizada pela CASES, que decorreu em Coimbra e online, no dia 26 de setembro 2022.<\/p>\n<blockquote><p>Atento o crescente debate e interesse no seio da UE acerca da figura da empresa social, bem como o seu eventual futuro enquadramento em programas comunit\u00e1rios, considera-se relevante introduzir a reflex\u00e3o sobre esta tem\u00e1tica no contexto portugu\u00eas, conhecendo tamb\u00e9m a realidade de outros pa\u00edses europeus.<\/p><\/blockquote>\n<p>&nbsp;<\/p>\n<p>PROGRAMA<\/p>\n<p><span class=\"markedContent\"><span dir=\"ltr\" role=\"presentation\">10H00 <\/span><span dir=\"ltr\" role=\"presentation\">SAUDA\u00c7\u00c3O<\/span><br role=\"presentation\" \/><span dir=\"ltr\" role=\"presentation\">Presidente da C\u00e2mara Municipal <\/span><span dir=\"ltr\" role=\"presentation\">de Coimbra<\/span><br role=\"presentation\" \/><span dir=\"ltr\" role=\"presentation\">Jos\u00e9 Manuel Silva<\/span><br role=\"presentation\" \/><span dir=\"ltr\" role=\"presentation\">10H15 <\/span><span dir=\"ltr\" role=\"presentation\">ABERTURA<\/span><br role=\"presentation\" \/><span dir=\"ltr\" role=\"presentation\">Ministra do Trabalho, <\/span><span dir=\"ltr\" role=\"presentation\">Solidariedade <\/span><span dir=\"ltr\" role=\"presentation\">e Seguran\u00e7a Social <\/span><span dir=\"ltr\" role=\"presentation\">Ana Mendes Godinho<\/span><\/span><\/p>\n<p><span class=\"markedContent\"><span dir=\"ltr\" role=\"presentation\">10H45 <\/span><span dir=\"ltr\" role=\"presentation\">EMPRESA SOCIAL <\/span><span dir=\"ltr\" role=\"presentation\">&#8211; POR UM DEBATE <\/span><span dir=\"ltr\" role=\"presentation\">ABERTO<\/span><\/span><\/p>\n<p><span class=\"markedContent\"><span dir=\"ltr\" role=\"presentation\">Apresenta\u00e7\u00e3o de estudo <\/span><span dir=\"ltr\" role=\"presentation\">de enquadramento <\/span><span dir=\"ltr\" role=\"presentation\">CASES, da autoria do Grupo de Trabalho da CASES: Joana Cymbron, Paula Correia, Filipa Farelo, Eduardo Pedroso<br \/>\n<\/span><\/span><\/p>\n<p><span class=\"markedContent\"><span dir=\"ltr\" role=\"presentation\">11H45 <\/span><span dir=\"ltr\" role=\"presentation\">1.\u00aa MESA REDONDA<\/span><br role=\"presentation\" \/><span dir=\"ltr\" role=\"presentation\">Respons\u00e1vel pela <\/span><span dir=\"ltr\" role=\"presentation\">implementa\u00e7\u00e3o da Pol\u00edtica <\/span><span dir=\"ltr\" role=\"presentation\">Nacional da Empresa Social <\/span><span dir=\"ltr\" role=\"presentation\">para a Irlanda, 2019-2022<\/span><br role=\"presentation\" \/><span dir=\"ltr\" role=\"presentation\">Andrew Forde<\/span><br role=\"presentation\" \/><span dir=\"ltr\" role=\"presentation\">Comiss\u00e1rio da Autoridade <\/span><span dir=\"ltr\" role=\"presentation\">para as Sociedades <\/span><span dir=\"ltr\" role=\"presentation\">Cooperativas e Empresas Sociais <\/span><span dir=\"ltr\" role=\"presentation\">do Chipre<\/span><br role=\"presentation\" \/><span dir=\"ltr\" role=\"presentation\">Kypros Protopapas<\/span><br role=\"presentation\" \/><span dir=\"ltr\" role=\"presentation\">Presidente da Portugal Inova\u00e7\u00e3o <\/span><span dir=\"ltr\" role=\"presentation\">Social e Professor <\/span><span dir=\"ltr\" role=\"presentation\">de Administra\u00e7\u00e3o de Empresas <\/span><span dir=\"ltr\" role=\"presentation\">da FEUC<\/span><br role=\"presentation\" \/><span dir=\"ltr\" role=\"presentation\">Filipe Almeida<\/span><br role=\"presentation\" \/><\/span><span class=\"markedContent\"><span dir=\"ltr\" role=\"presentation\">Modera\u00e7\u00e3o<\/span><br role=\"presentation\" \/><span dir=\"ltr\" role=\"presentation\">Professora Auxilidar da FEUC<\/span><br role=\"presentation\" \/><span dir=\"ltr\" role=\"presentation\">Maria Elisabete Ramos<\/span><br role=\"presentation\" \/><span dir=\"ltr\" role=\"presentation\">12H45 <\/span><span dir=\"ltr\" role=\"presentation\">DEBATE<\/span><\/span><\/p>\n<p><span class=\"markedContent\"><span dir=\"ltr\" role=\"presentation\">13H15 <\/span><span dir=\"ltr\" role=\"presentation\">Almo\u00e7o<\/span><\/span><\/p>\n<p><span class=\"markedContent\"><span dir=\"ltr\" role=\"presentation\">14H30 <\/span><span dir=\"ltr\" role=\"presentation\">SOCIAL <\/span><span dir=\"ltr\" role=\"presentation\">ENTERPRISES AND <\/span><span dir=\"ltr\" role=\"presentation\">THEIR ECOSYSTEMS <\/span><span dir=\"ltr\" role=\"presentation\">IN EUROPE <\/span><span dir=\"ltr\" role=\"presentation\">COUNTRY REPORT <\/span><span dir=\"ltr\" role=\"presentation\">PORTUGAL<\/span><br role=\"presentation\" \/><span dir=\"ltr\" role=\"presentation\">Professora Auxilidar da FEUC<\/span><br role=\"presentation\" \/><span dir=\"ltr\" role=\"presentation\">S\u00edlvia Ferreira<\/span><br role=\"presentation\" \/><span dir=\"ltr\" role=\"presentation\">15H00 <\/span><span dir=\"ltr\" role=\"presentation\">DEBATE<\/span><\/span><\/p>\n<p><span class=\"markedContent\"><br role=\"presentation\" \/><span dir=\"ltr\" role=\"presentation\">15H30 <\/span><span dir=\"ltr\" role=\"presentation\">2.\u00aa MESA REDONDA<\/span><\/span><\/p>\n<p><span class=\"markedContent\"><span dir=\"ltr\" role=\"presentation\">Administra\u00e7\u00e3o Francesa<\/span><span dir=\"ltr\" role=\"presentation\">\u2013 DG Tesouro<\/span><br role=\"presentation\" \/><span dir=\"ltr\" role=\"presentation\">Thomas Boisson <\/span><span dir=\"ltr\" role=\"presentation\">ou Arnaud Boulanger<\/span><br role=\"presentation\" \/><span dir=\"ltr\" role=\"presentation\">Diretora Executiva <\/span><span dir=\"ltr\" role=\"presentation\">da Rede EMES &#8211; Espanha<\/span><br role=\"presentation\" \/><span dir=\"ltr\" role=\"presentation\">Roc\u00edo Nogales<\/span><br role=\"presentation\" \/><span dir=\"ltr\" role=\"presentation\">Soci\u00f3logo e Investigador <\/span><span dir=\"ltr\" role=\"presentation\">na \u00e1rea das Empresas <\/span><span dir=\"ltr\" role=\"presentation\">Sociais &#8211; It\u00e1lia<\/span><br role=\"presentation\" \/><span dir=\"ltr\" role=\"presentation\">Flaviano Zandonai<\/span><br role=\"presentation\" \/><span dir=\"ltr\" role=\"presentation\">Professora de Direito Comercial, <\/span><span dir=\"ltr\" role=\"presentation\">Diretora do Mestrado em <\/span><span dir=\"ltr\" role=\"presentation\">Gest\u00e3o e Regime Jur\u00eddico <\/span><span dir=\"ltr\" role=\"presentation\">Empresarial da Economia <\/span><span dir=\"ltr\" role=\"presentation\">Social do ISCAP<\/span><br role=\"presentation\" \/><span dir=\"ltr\" role=\"presentation\">Deolinda Meira<\/span><br role=\"presentation\" \/><span dir=\"ltr\" role=\"presentation\">Modera\u00e7\u00e3o<\/span><br role=\"presentation\" \/><span dir=\"ltr\" role=\"presentation\">Professor de Hist\u00f3ria Econ\u00f3mica <\/span><span dir=\"ltr\" role=\"presentation\">e Social e Diretor da FEUC<\/span><br role=\"presentation\" \/><span dir=\"ltr\" role=\"presentation\">\u00c1lvaro Garrido<\/span><\/span><\/p>\n<p><span class=\"markedContent\"><span dir=\"ltr\" role=\"presentation\">16H30 <\/span><span dir=\"ltr\" role=\"presentation\">DEBATE<\/span><\/span><\/p>\n<p><span class=\"markedContent\"><span dir=\"ltr\" role=\"presentation\">17H00 <\/span><span dir=\"ltr\" role=\"presentation\">Momento cultural<\/span><br role=\"presentation\" \/><span dir=\"ltr\" role=\"presentation\">17H15 <\/span><span dir=\"ltr\" role=\"presentation\">ENCERRAMENTO<\/span><br role=\"presentation\" \/><span dir=\"ltr\" role=\"presentation\">Presidente da Dire\u00e7\u00e3o da CASES<\/span><br role=\"presentation\" \/><span dir=\"ltr\" role=\"presentation\">Eduardo Gra\u00e7a<\/span><\/span><\/p>\n<p>&nbsp;<\/p>\n<p><a href=\"https:\/\/times.ces.uc.pt\/wp-content\/uploads\/Empresas-Sociais_Silvia-Ferreira.pdf\">Descarregue aqui a apresenta\u00e7\u00e3o<\/a><\/p>\n<p>&nbsp;<\/p>\n<p><a href=\"https:\/\/times.ces.uc.pt\/wp-content\/uploads\/20220926_171200.jpg\"><img decoding=\"async\" loading=\"lazy\" class=\"alignnone wp-image-930 size-large\" src=\"https:\/\/times.ces.uc.pt\/wp-content\/uploads\/20220926_171200-1024x462.jpg\" alt=\"\" width=\"640\" height=\"289\" srcset=\"https:\/\/times.ces.uc.pt\/wp-content\/uploads\/20220926_171200-1024x462.jpg 1024w, https:\/\/times.ces.uc.pt\/wp-content\/uploads\/20220926_171200-300x135.jpg 300w, https:\/\/times.ces.uc.pt\/wp-content\/uploads\/20220926_171200-768x346.jpg 768w\" sizes=\"(max-width: 640px) 100vw, 640px\" \/><\/a> <a href=\"https:\/\/times.ces.uc.pt\/wp-content\/uploads\/20220926_113126.jpg\"><img decoding=\"async\" loading=\"lazy\" class=\"alignnone wp-image-933 size-large\" src=\"https:\/\/times.ces.uc.pt\/wp-content\/uploads\/20220926_113126-1024x462.jpg\" alt=\"\" width=\"640\" height=\"289\" srcset=\"https:\/\/times.ces.uc.pt\/wp-content\/uploads\/20220926_113126-1024x462.jpg 1024w, https:\/\/times.ces.uc.pt\/wp-content\/uploads\/20220926_113126-300x135.jpg 300w, https:\/\/times.ces.uc.pt\/wp-content\/uploads\/20220926_113126-768x346.jpg 768w\" sizes=\"(max-width: 640px) 100vw, 640px\" \/><\/a> <a href=\"https:\/\/times.ces.uc.pt\/wp-content\/uploads\/20220926_154704.jpg\"><img decoding=\"async\" loading=\"lazy\" class=\"alignnone wp-image-928 size-large\" src=\"https:\/\/times.ces.uc.pt\/wp-content\/uploads\/20220926_154704-1024x462.jpg\" alt=\"\" width=\"640\" height=\"289\" srcset=\"https:\/\/times.ces.uc.pt\/wp-content\/uploads\/20220926_154704-1024x462.jpg 1024w, https:\/\/times.ces.uc.pt\/wp-content\/uploads\/20220926_154704-300x135.jpg 300w, https:\/\/times.ces.uc.pt\/wp-content\/uploads\/20220926_154704-768x346.jpg 768w\" sizes=\"(max-width: 640px) 100vw, 640px\" \/><\/a> <a href=\"https:\/\/times.ces.uc.pt\/wp-content\/uploads\/20220926_162838.jpg\"><img decoding=\"async\" loading=\"lazy\" class=\"alignnone wp-image-929 size-large\" src=\"https:\/\/times.ces.uc.pt\/wp-content\/uploads\/20220926_162838-1024x462.jpg\" alt=\"\" width=\"640\" height=\"289\" srcset=\"https:\/\/times.ces.uc.pt\/wp-content\/uploads\/20220926_162838-1024x462.jpg 1024w, https:\/\/times.ces.uc.pt\/wp-content\/uploads\/20220926_162838-300x135.jpg 300w, https:\/\/times.ces.uc.pt\/wp-content\/uploads\/20220926_162838-768x346.jpg 768w\" sizes=\"(max-width: 640px) 100vw, 640px\" \/><\/a> <a href=\"https:\/\/times.ces.uc.pt\/wp-content\/uploads\/IMG-20220926-WA0011.jpg\"><img decoding=\"async\" loading=\"lazy\" class=\"alignnone wp-image-931 size-large\" src=\"https:\/\/times.ces.uc.pt\/wp-content\/uploads\/IMG-20220926-WA0011-1024x640.jpg\" alt=\"\" width=\"640\" height=\"400\" srcset=\"https:\/\/times.ces.uc.pt\/wp-content\/uploads\/IMG-20220926-WA0011-1024x640.jpg 1024w, https:\/\/times.ces.uc.pt\/wp-content\/uploads\/IMG-20220926-WA0011-300x188.jpg 300w, https:\/\/times.ces.uc.pt\/wp-content\/uploads\/IMG-20220926-WA0011-768x480.jpg 768w, https:\/\/times.ces.uc.pt\/wp-content\/uploads\/IMG-20220926-WA0011.jpg 1440w\" sizes=\"(max-width: 640px) 100vw, 640px\" \/><\/a> <a href=\"https:\/\/times.ces.uc.pt\/wp-content\/uploads\/IMG-20220926-WA0012.jpg\"><img decoding=\"async\" loading=\"lazy\" class=\"alignnone wp-image-932 size-large\" src=\"https:\/\/times.ces.uc.pt\/wp-content\/uploads\/IMG-20220926-WA0012-1024x700.jpg\" alt=\"\" width=\"640\" height=\"438\" srcset=\"https:\/\/times.ces.uc.pt\/wp-content\/uploads\/IMG-20220926-WA0012-1024x700.jpg 1024w, https:\/\/times.ces.uc.pt\/wp-content\/uploads\/IMG-20220926-WA0012-300x205.jpg 300w, https:\/\/times.ces.uc.pt\/wp-content\/uploads\/IMG-20220926-WA0012-768x525.jpg 768w, https:\/\/times.ces.uc.pt\/wp-content\/uploads\/IMG-20220926-WA0012.jpg 1042w\" sizes=\"(max-width: 640px) 100vw, 640px\" \/><\/a><\/p>\n","protected":false},"excerpt":{"rendered":"<p>O Projeto TIMES \u00e9 apresentado como um dos estudos mais abrangentes sobre empresas sociais em Portugal no \u00e2mbito da Confer\u00eancia Internacional &#8220;A Empresa Social, que futuro?&#8221;, organizada pela CASES, que decorreu em Coimbra e online, no dia 26 de setembro 2022. Atento o crescente debate e interesse no seio da UE acerca da figura da [&hellip;]<\/p>\n","protected":false},"author":3,"featured_media":932,"comment_status":"closed","ping_status":"open","sticky":false,"template":"","format":"standard","meta":{"footnotes":""},"categories":[20],"tags":[],"_links":{"self":[{"href":"https:\/\/times.ces.uc.pt\/index.php?rest_route=\/wp\/v2\/posts\/926"}],"collection":[{"href":"https:\/\/times.ces.uc.pt\/index.php?rest_route=\/wp\/v2\/posts"}],"about":[{"href":"https:\/\/times.ces.uc.pt\/index.php?rest_route=\/wp\/v2\/types\/post"}],"author":[{"embeddable":true,"href":"https:\/\/times.ces.uc.pt\/index.php?rest_route=\/wp\/v2\/users\/3"}],"replies":[{"embeddable":true,"href":"https:\/\/times.ces.uc.pt\/index.php?rest_route=%2Fwp%2Fv2%2Fcomments&post=926"}],"version-history":[{"count":2,"href":"https:\/\/times.ces.uc.pt\/index.php?rest_route=\/wp\/v2\/posts\/926\/revisions"}],"predecessor-version":[{"id":935,"href":"https:\/\/times.ces.uc.pt\/index.php?rest_route=\/wp\/v2\/posts\/926\/revisions\/935"}],"wp:featuredmedia":[{"embeddable":true,"href":"https:\/\/times.ces.uc.pt\/index.php?rest_route=\/wp\/v2\/media\/932"}],"wp:attachment":[{"href":"https:\/\/times.ces.uc.pt\/index.php?rest_route=%2Fwp%2Fv2%2Fmedia&parent=926"}],"wp:term":[{"taxonomy":"category","embeddable":true,"href":"https:\/\/times.ces.uc.pt\/index.php?rest_route=%2Fwp%2Fv2%2Fcategories&post=926"},{"taxonomy":"post_tag","embeddable":true,"href":"https:\/\/times.ces.uc.pt\/index.php?rest_route=%2Fwp%2Fv2%2Ftags&post=926"}],"curies":[{"name":"wp","href":"https:\/\/api.w.org\/{rel}","templated":true}]}}