{"id":831,"date":"2021-04-30T18:53:06","date_gmt":"2021-04-30T18:53:06","guid":{"rendered":"http:\/\/times.ces.uc.pt\/?p=831"},"modified":"2021-12-29T03:58:56","modified_gmt":"2021-12-29T03:58:56","slug":"times-international-colloquium","status":"publish","type":"post","link":"https:\/\/times.ces.uc.pt\/?p=831","title":{"rendered":"TIMES International Colloquium"},"content":{"rendered":"<p><strong>Introduction<\/strong><\/p>\n<p>Social enterprises (SE) are a phenomenon that is deserving growing attention at the academic, political and civil society levels all over Europe. SEs are bringing innovations in the organizational forms of the social economy and its sectors of activity, articulating economic, social, cultural, and environmental dimensions, and orienting their missions towards social and societal problems of poverty, unemployment, aging, environmental sustainability.<\/p>\n<p>The debate around the concept of SE is indicative of the transformations and complex articulations in the field of social economy and the relationships between these organizations, the State, private companies, and the market. In spite of this international, scientific, and political relevance, the existing knowledge about SEs in Portugal is still limited.<\/p>\n<p>With the TIMES project we aimed at contributing to the knowledge of the meaning, profile, institutional context, and roles of SE in Portugal, focusing on their contribution in addressing social and societal challenges and drawing a future political agenda for SEs. The conceptual and methodological choices of the TIMES Project were in line with the International Comparative Social Enterprise Models (ICSEM) project, thus adding in comparative power.<\/p>\n<p>This conference has two objectives. On one hand, to present the main results of the TIMES Project regarding social enterprises in Portugal. On the other hand, to debate the main challenges for SEs at the organizational, social and political levels and help forward an agenda for their role in society. This is done by situating the Portuguese case within experiences of other European countries and in relation European institutions policies and initiatives.<\/p>\n<p>In this conference we will deal with: SE models in Portugal and Europe (day 1); social enterprises contribution in addressing social and societal challenges (work integration, social inclusion, culture, arts and environmental sustainability) (day 2); drawing a future political agenda for SE capacity and roles (day 3).<\/p>\n<p>Invited speakers will be national and European scholars, representatives of European Institutions, representatives of SEs that participated in the study, local and European policy makers, as well as other social economy stakeholders.<\/p>\n<p>The TIMES project is financed by ERDF &#8211; European Regional Development Fund through COMPETE 2020 &#8211; Operational Program Competitiveness and Internationalization (POCI) and by Portuguese national funds through FCT &#8211; Foundation for Science and Technology, within the scope of the TIMES project, ref. PTDC \/ SOC-SOC \/ 30612\/2017 | POCI-01-0145-FEDER-030612.<\/p>\n<p>&nbsp;<\/p>\n<p><strong>Programme<\/strong><\/p>\n<p>&nbsp;<\/p>\n<p><strong>Day 1<br \/>\n27 April, 14h &#8211; 16h30<\/strong><\/p>\n<p><strong>14h <em>&#8211; <\/em>14h15<\/strong><em><br \/>\nWelcome and introduction<\/em>, Silvia Ferreira (Professor FEUC; Principal Investigator CES\/TIMES)<\/p>\n<p><strong>14h15 &#8211; 14h35<\/strong><em><br \/>\nSocial Enterprises in Europe<\/em>, Dana Verbal (DG Employment, Social Affairs and Inclusion, European Commission)<\/p>\n<p><strong>14h35 <em>&#8211; <\/em>14h45<\/strong><em><br \/>\nSocial Economy in the Portuguese Presidency of the Council of the European Union, <\/em>Filipa Farelo (Coordinator of Institutional Relations, Cooperative Sector and Statistics at CASES<em>)<\/em><\/p>\n<p><strong>14h45 &#8211; 15h10<\/strong><em><br \/>\n<\/em>Short self-presentation of organizations that participated in the study <em>\u00a0<\/em><\/p>\n<ul>\n<li><em>ColorADD<\/em>, Miguel Neiva (Founder and President)<\/li>\n<li><em>CASCI &#8211; <\/em><em>Centro de A\u00e7\u00e3o Social do Concelho de \u00cdlhavo<\/em>, Helena Nunes (Head of rehabilitation area)<\/li>\n<li><em>Cooperativa Integral Minga<\/em>, Jorge Gon\u00e7alves (President)<\/li>\n<li><em>Deliciosas Diferen\u00e7as CRL<\/em>, Carla Andrade (President)<\/li>\n<li><em>Chapit\u00f4<\/em>, Teresa Ricou (President)<\/li>\n<\/ul>\n<p><strong>15h10 &#8211; 15h20<\/strong><em><br \/>\n<\/em>Questions and comments from the audience<\/p>\n<p>Moderation: Hugo Pinto (researcher CES\/TIMES)<\/p>\n<p><strong>15h20 &#8211; 15h30<\/strong><br \/>\nBreak<\/p>\n<p><img decoding=\"async\" loading=\"lazy\" class=\"alignnone size-full wp-image-859\" src=\"https:\/\/times.ces.uc.pt\/wp-content\/uploads\/window-1.jpg\" alt=\"\" width=\"1277\" height=\"778\" srcset=\"https:\/\/times.ces.uc.pt\/wp-content\/uploads\/window-1.jpg 1277w, https:\/\/times.ces.uc.pt\/wp-content\/uploads\/window-1-300x183.jpg 300w, https:\/\/times.ces.uc.pt\/wp-content\/uploads\/window-1-768x468.jpg 768w, https:\/\/times.ces.uc.pt\/wp-content\/uploads\/window-1-1024x624.jpg 1024w\" sizes=\"(max-width: 1277px) 100vw, 1277px\" \/><\/p>\n<p><strong>15h30 &#8211; 15h45<\/strong><em><br \/>\n<\/em><em>Portuguese social enterprise models: main results of TIMES Project<\/em>, Silvia Ferreira (FEUC; CES\/TIMES)<\/p>\n<p><strong>15h45 &#8211; 16h15<\/strong><em><br \/>\n<\/em><em>Portugal within the international landscape of social enterprise models<\/em>, Marthe Nyssens (Catholic University of Louvain; ICSEM; EMES)<\/p>\n<p><strong>16h15 &#8211; 16h30<\/strong><br \/>\nQuestions and comments from the audience<\/p>\n<p>Moderation: Patr\u00edcia Moura e S\u00e1 (Professor FEUC; Researcher TIMES)<\/p>\n<p><img decoding=\"async\" loading=\"lazy\" class=\"alignnone size-full wp-image-860\" src=\"https:\/\/times.ces.uc.pt\/wp-content\/uploads\/compare-1.jpg\" alt=\"\" width=\"1274\" height=\"263\" srcset=\"https:\/\/times.ces.uc.pt\/wp-content\/uploads\/compare-1.jpg 1274w, https:\/\/times.ces.uc.pt\/wp-content\/uploads\/compare-1-300x62.jpg 300w, https:\/\/times.ces.uc.pt\/wp-content\/uploads\/compare-1-768x159.jpg 768w, https:\/\/times.ces.uc.pt\/wp-content\/uploads\/compare-1-1024x211.jpg 1024w\" sizes=\"(max-width: 1274px) 100vw, 1274px\" \/><\/p>\n<p><strong>Day 2<br \/>\n28 April, 14h &#8211; 17h<\/strong><\/p>\n<p><strong>14h &#8211; 14h10<\/strong><br \/>\n<em>Welcome and introduction: social enterprises contribution in addressing social and societal challenges<\/em>, Pedro Fidalgo (Researcher CES\/TIMES)<\/p>\n<p><strong>Part 1 &#8211; <\/strong><strong>SEs addressing social and societal challenges: work integration and social inclusion<\/strong><\/p>\n<p><strong>14h10 <\/strong><strong>&#8211; <\/strong><strong>14h30<\/strong><br \/>\n<em>SEs for work integration and social services in Denmark and Europe<\/em>, Lars Hulg\u00e5rd (Professor Roskilde University, Denmark)<\/p>\n<p><strong>14h30 &#8211; 14h40<\/strong><br \/>\n<em>Short self-presentation of organizations that participated in the study<\/em><\/p>\n<ul>\n<li><em>CERCIMA \u2013 Cooperativa de Educa\u00e7\u00e3o e Reabilita\u00e7\u00e3o do Cidad\u00e3o Inadaptado do Montijo e Alcochete, C.R.L<\/em>, Cristina Dias (President)<\/li>\n<li><em>Kair\u00f3s &#8211; Cooperativa de Incuba\u00e7\u00e3o de Iniciativas de Economia Solid\u00e1ria CRL<\/em>, Pedro Gouveia (Director of community projects)<\/li>\n<\/ul>\n<p><strong>14h40 <\/strong><strong>&#8211; <\/strong><strong>14h55<\/strong><br \/>\n<em>Respondent:<\/em> Ant\u00f3nio Valadas da Silva (President of the Portuguese Institute for Employment and Professional Training (IEFP))<\/p>\n<p><strong>14h55 &#8211; 15h10<\/strong><br \/>\nQuestions and comments from the audience<\/p>\n<p>Moderation: Virg\u00ednia Ferreira (Professor FEUC; Researcher CES\/TIMES)<\/p>\n<p><strong>15h10 <\/strong><strong>&#8211; 15h20<\/strong><br \/>\nBreak<\/p>\n<p><img decoding=\"async\" loading=\"lazy\" class=\"alignnone size-full wp-image-865\" src=\"https:\/\/times.ces.uc.pt\/wp-content\/uploads\/Inclusion-1.jpg\" alt=\"\" width=\"1149\" height=\"454\" srcset=\"https:\/\/times.ces.uc.pt\/wp-content\/uploads\/Inclusion-1.jpg 1149w, https:\/\/times.ces.uc.pt\/wp-content\/uploads\/Inclusion-1-300x119.jpg 300w, https:\/\/times.ces.uc.pt\/wp-content\/uploads\/Inclusion-1-768x303.jpg 768w, https:\/\/times.ces.uc.pt\/wp-content\/uploads\/Inclusion-1-1024x405.jpg 1024w\" sizes=\"(max-width: 1149px) 100vw, 1149px\" \/><\/p>\n<p>&nbsp;<\/p>\n<p><strong>Part 2 &#8211; <\/strong><strong>SEs addressing social and societal challenges: culture, art and environment<\/strong><\/p>\n<p><strong>15h20 <\/strong><strong>&#8211; <\/strong><strong>15h40<\/strong><br \/>\n<em>SEs for culture, art and environment<\/em>, Roc\u00edo Nogales (Manging Director &#8211; EMES Network)<\/p>\n<p><strong>15h40 &#8211; 15h55<\/strong><br \/>\n<em>Short self-presentation of organizations that participated in the study<\/em><\/p>\n<ul>\n<li><em>O Teatr\u00e3o<\/em>, Isabel Craveiro (President)<\/li>\n<li><em>Pro Nobis Cooperativa<\/em>, Michelle Chan (President)<\/li>\n<\/ul>\n<p><strong>15h55 &#8211; 16h10<\/strong><br \/>\n<em>Respondent:\u00a0 <\/em>Am\u00e9rico Rodrigues (Director Dire\u00e7\u00e3o Geral das Artes)<\/p>\n<p><strong>16h10 &#8211; 16h25<\/strong><br \/>\nShort self-presentation of organizations that participated in the study<\/p>\n<ul>\n<li><em>Coop\u00e9rnico &#8211; Cooperativa de Desenvolvimento Sustent\u00e1vel, CRL<\/em>, Miguel Almeida (Member of Board of Directors)<\/li>\n<li><em>Vintage for a Cause<\/em>, Helena Ant\u00f3nia Silva (Founder and Coordinator)<\/li>\n<li><em>Cooperativa de Usu\u00e1rios do Freixo do Meio<\/em>, Alfredo Sendim (President)<\/li>\n<\/ul>\n<p><strong>16h25 <\/strong><strong>&#8211; <\/strong><strong>16h40<\/strong><br \/>\n<em>Respondent<\/em>:\u00a0 Nuno Lacasta (President of the Portuguese Agency for Environment)<\/p>\n<p><strong>16h40 <\/strong><strong>&#8211; <\/strong><strong>17h<\/strong><br \/>\nQuestions and comments from the audience<\/p>\n<p>Moderation: Teresa Maneca (Researcher CES\/TIMES)<\/p>\n<p><img decoding=\"async\" loading=\"lazy\" class=\"alignnone size-full wp-image-862\" src=\"https:\/\/times.ces.uc.pt\/wp-content\/uploads\/arteamb-1.jpg\" alt=\"\" width=\"1278\" height=\"757\" srcset=\"https:\/\/times.ces.uc.pt\/wp-content\/uploads\/arteamb-1.jpg 1278w, https:\/\/times.ces.uc.pt\/wp-content\/uploads\/arteamb-1-300x178.jpg 300w, https:\/\/times.ces.uc.pt\/wp-content\/uploads\/arteamb-1-768x455.jpg 768w, https:\/\/times.ces.uc.pt\/wp-content\/uploads\/arteamb-1-1024x607.jpg 1024w\" sizes=\"(max-width: 1278px) 100vw, 1278px\" \/><\/p>\n<p><strong>Day 3<br \/>\n29 April, 14h &#8211; 17h<\/strong><\/p>\n<p><strong>14h &#8211; 14h10<\/strong><br \/>\n<em>Welcome and introduction: drawing a future political agenda for SE capacity and roles<\/em>, Michela Giovannini (CES\/TIMES)<\/p>\n<p><strong>Part 1 &#8211; National strategies for social enterprises and the social economy<\/strong><\/p>\n<p><strong>14h10 &#8211; 14h30<\/strong><br \/>\n<em>Spanish Initiative on Social and Solidarity Economy<\/em>, Maravillas Esp\u00edn (General Director of Social Economy Department at the Spanish Ministry of Labour and Social Economy)<\/p>\n<p>The Portuguese case:<\/p>\n<p><strong>14h30 &#8211; 14h40<\/strong><br \/>\n<em>The Framework Law for Social Economy<\/em>, Eduardo Gra\u00e7a (CASES)<\/p>\n<p><strong>14h40 <\/strong><strong>&#8211; <\/strong><strong>14h50<\/strong><br \/>\n<em>Evaluation of the initiative \u201cPortugal &#8211; Inova\u00e7\u00e3o Social\u201d, <\/em>Filipe Almeida (President)<\/p>\n<p><strong>14h50 <\/strong><strong>&#8211; <\/strong><strong>15h<\/strong><br \/>\nShort self-presentation of organizations that participated in the study<\/p>\n<ul>\n<li><em>Benefic\u00eancia Familiar \u2013 Associa\u00e7\u00e3o de Socorros M\u00fatuos<\/em>, Carlos Jorge Silva (President)<\/li>\n<li><em>Microninho\/<\/em><em>Associa\u00e7\u00e3o de Desenvolvimento Social e Cultural dos Cinco Lugares<\/em>, Liliana Sim\u00f5es (President)<\/li>\n<\/ul>\n<p><strong>15h &#8211; 15h10<\/strong><br \/>\nQuestions and comments from the audience<\/p>\n<p>Moderation: Elisabete Ramos (Professor FEUC; Researcher TIMES)<\/p>\n<p><strong>15h10 &#8211; 15h20<\/strong><br \/>\nBreak<\/p>\n<p><img decoding=\"async\" loading=\"lazy\" class=\"alignnone size-full wp-image-863\" src=\"https:\/\/times.ces.uc.pt\/wp-content\/uploads\/europa-1.jpg\" alt=\"\" width=\"1239\" height=\"581\" srcset=\"https:\/\/times.ces.uc.pt\/wp-content\/uploads\/europa-1.jpg 1239w, https:\/\/times.ces.uc.pt\/wp-content\/uploads\/europa-1-300x141.jpg 300w, https:\/\/times.ces.uc.pt\/wp-content\/uploads\/europa-1-768x360.jpg 768w, https:\/\/times.ces.uc.pt\/wp-content\/uploads\/europa-1-1024x480.jpg 1024w\" sizes=\"(max-width: 1239px) 100vw, 1239px\" \/><\/p>\n<p><strong>Part 2 &#8211; European strategies for social enterprises and the social economy <\/strong><\/p>\n<p><strong>15h20 &#8211; 15h40<\/strong><br \/>\n<em>The European Action Plan for the Social Economy, <\/em>Victor Meseguer (President of Social Economy Europe)<\/p>\n<p><strong>15h40 <\/strong><strong>&#8211; <\/strong><strong>16h20<\/strong><br \/>\nRespondents to part 1 &amp; 2, representatives of federative bodies:<\/p>\n<ul>\n<li>Francisco Silva (Director <em>CPES &#8211; Confedera\u00e7\u00e3o Portuguesa da Economia Social<\/em>)<\/li>\n<li>Rog\u00e9rio Ca\u00e7\u00e3o (President <em>CONFECOOP Confedera\u00e7\u00e3o Cooperativa Portuguesa<\/em>, and Vice-president <em>FENACERCI Federa\u00e7\u00e3o Nacional de Cooperativas de Solidariedade Social<\/em>)<\/li>\n<li>Henrique Rodrigues (Assistant Director <em>CNIS Confedera\u00e7\u00e3o Nacional das Institui\u00e7\u00f5es de Solidaridade<\/em>)<\/li>\n<li>Marco Domingues (President ANIMAR (Portuguese Association for Local Development)<\/li>\n<li>Carlota Quint\u00e3o (Representantive <em>RESIT Rede de Empresas Sociais para a Inser\u00e7\u00e3o pelo Trabalho<\/em> \u2013 Network for WISE)<\/li>\n<\/ul>\n<p><strong>16h20 <\/strong><strong>&#8211; <\/strong><strong>16h40<\/strong><br \/>\nQuestions and comments from the audience<\/p>\n<p><strong>16h40<\/strong><br \/>\n<em>Closing remarks on SE enabling ecosystems<\/em>, Hugo Pinto (CES\/TIMES)<\/p>\n<p>Moderation: Hugo Pinto<\/p>\n<p><img decoding=\"async\" loading=\"lazy\" class=\"alignnone size-full wp-image-864\" src=\"https:\/\/times.ces.uc.pt\/wp-content\/uploads\/federative-1.jpg\" alt=\"\" width=\"1152\" height=\"776\" srcset=\"https:\/\/times.ces.uc.pt\/wp-content\/uploads\/federative-1.jpg 1152w, https:\/\/times.ces.uc.pt\/wp-content\/uploads\/federative-1-300x202.jpg 300w, https:\/\/times.ces.uc.pt\/wp-content\/uploads\/federative-1-768x517.jpg 768w, https:\/\/times.ces.uc.pt\/wp-content\/uploads\/federative-1-1024x690.jpg 1024w\" sizes=\"(max-width: 1152px) 100vw, 1152px\" \/><\/p>\n","protected":false},"excerpt":{"rendered":"<p>Introduction Social enterprises (SE) are a phenomenon that is deserving growing attention at the academic, political and civil society levels all over Europe. SEs are bringing innovations in the organizational forms of the social economy and its sectors of activity, articulating economic, social, cultural, and environmental dimensions, and orienting their missions towards social and societal [&hellip;]<\/p>\n","protected":false},"author":3,"featured_media":832,"comment_status":"closed","ping_status":"open","sticky":false,"template":"","format":"standard","meta":{"footnotes":""},"categories":[31],"tags":[],"_links":{"self":[{"href":"https:\/\/times.ces.uc.pt\/index.php?rest_route=\/wp\/v2\/posts\/831"}],"collection":[{"href":"https:\/\/times.ces.uc.pt\/index.php?rest_route=\/wp\/v2\/posts"}],"about":[{"href":"https:\/\/times.ces.uc.pt\/index.php?rest_route=\/wp\/v2\/types\/post"}],"author":[{"embeddable":true,"href":"https:\/\/times.ces.uc.pt\/index.php?rest_route=\/wp\/v2\/users\/3"}],"replies":[{"embeddable":true,"href":"https:\/\/times.ces.uc.pt\/index.php?rest_route=%2Fwp%2Fv2%2Fcomments&post=831"}],"version-history":[{"count":3,"href":"https:\/\/times.ces.uc.pt\/index.php?rest_route=\/wp\/v2\/posts\/831\/revisions"}],"predecessor-version":[{"id":866,"href":"https:\/\/times.ces.uc.pt\/index.php?rest_route=\/wp\/v2\/posts\/831\/revisions\/866"}],"wp:featuredmedia":[{"embeddable":true,"href":"https:\/\/times.ces.uc.pt\/index.php?rest_route=\/wp\/v2\/media\/832"}],"wp:attachment":[{"href":"https:\/\/times.ces.uc.pt\/index.php?rest_route=%2Fwp%2Fv2%2Fmedia&parent=831"}],"wp:term":[{"taxonomy":"category","embeddable":true,"href":"https:\/\/times.ces.uc.pt\/index.php?rest_route=%2Fwp%2Fv2%2Fcategories&post=831"},{"taxonomy":"post_tag","embeddable":true,"href":"https:\/\/times.ces.uc.pt\/index.php?rest_route=%2Fwp%2Fv2%2Ftags&post=831"}],"curies":[{"name":"wp","href":"https:\/\/api.w.org\/{rel}","templated":true}]}}