{"id":631,"date":"2021-04-30T18:53:06","date_gmt":"2021-04-30T18:53:06","guid":{"rendered":"http:\/\/times.ces.uc.pt\/?p=631"},"modified":"2021-12-29T03:50:08","modified_gmt":"2021-12-29T03:50:08","slug":"coloquio-internacional-que-sao-as-empresas-sociais-e-como-contribuem-para-os-desafios-sociais-e-societais-desenhando-uma-agenda-futura-em-comum","status":"publish","type":"post","link":"https:\/\/times.ces.uc.pt\/?p=631","title":{"rendered":"Col\u00f3quio Internacional do TIMES"},"content":{"rendered":"<p><strong>Nos dias 27, 28, 29 de Abril de 2021 (14h-17h GMT+1)<\/strong> decorreu, em <strong>formato digital<\/strong>, o col\u00f3quio internacional do Projeto TIMES, com dois objetivos: apresentar os resultados principais do projeto TIMES sobre as ES em Portugal e debater os desafios principais para as ES ao n\u00edvel organizativo, social e pol\u00edtico, ajudando \u00e0 cria\u00e7\u00e3o de uma agenda pol\u00edtica para o papel que desenvolvem na sociedade. Isto \u00e9 feito colocando o caso Portugu\u00eas entre as experi\u00eancias de outros pa\u00edses europeus e em rela\u00e7\u00e3o com pol\u00edticas e iniciativas das institui\u00e7\u00f5es europeias.<\/p>\n<p>O col\u00f3quio organiza-se em tr\u00eas meios dias, em torno dos seguintes temas: os modelos de empresa social em Portugal e em Europa (dia 1); a contribui\u00e7\u00e3o das empresas sociais para abordar os desafios sociais e societais (inser\u00e7\u00e3o laboral, inclus\u00e3o social, cultura, arte e sustentabilidade ambiental) (dia 2); o desenho de uma agenda pol\u00edtica para as capacidades e papel das ES (dia 3).<\/p>\n<p>Os oradores convidados s\u00e3o investigadores e investigadoras nacionais e europeus, representantes das institui\u00e7\u00f5es nacionais e europeias, representantes das <a href=\"https:\/\/times.ces.uc.pt\/?page_id=82\">organiza\u00e7\u00f5es que participaram no estudo<\/a>, atores pol\u00edticos portugueses e europeus e outros stakeholders da economia social.<\/p>\n<p>&nbsp;<\/p>\n<p>Inscri\u00e7\u00f5es gratuitas mas obrigat\u00f3rias em<\/p>\n<p><a href=\"https:\/\/ces.uc.pt\/pt\/agenda-noticias\/agenda-de-eventos\/2021\/coloquio-final-do-projeto-times-trajetorias\">https:\/\/ces.uc.pt\/pt\/agenda-noticias\/agenda-de-eventos\/2021\/coloquio-final-do-projeto-times-trajetorias<\/a><\/p>\n<p>&nbsp;<\/p>\n<p>O projeto TIMES \u00e9 financiado pelo FEDER \u2013 Fundo Europeu de Desenvolvimento Regional atrav\u00e9s do COMPETE 2020 \u2013 Programa Operacional Competitividade e Internacionaliza\u00e7\u00e3o (POCI) e por fundos portugueses atrav\u00e9s da FCT \u2013 Funda\u00e7\u00e3o para a Ci\u00eancia e a Tecnologia<strong>, <\/strong>ref. PTDC \/ SOC-SOC \/ 30612\/2017 | POCI-01-0145-FEDER-030612.<\/p>\n<p>&nbsp;<\/p>\n<p><strong>PROGRAMA (<a href=\"https:\/\/times.ces.uc.pt\/wp-content\/uploads\/programa-TIMES-1.pdf\">Descarregar pdf<\/a>) <\/strong><strong><br \/>\n<\/strong><\/p>\n<p><strong><em>\u00a0<\/em><\/strong><\/p>\n<p><strong>Dia 1<br \/>\n27 Abril, 14h &#8211; 16h30<\/strong><\/p>\n<p>&nbsp;<\/p>\n<p><strong>14h <em>&#8211; <\/em>14h15<\/strong><em><br \/>\nBoas vindas<\/em>, Silvia Ferreira (Docente FEUC; Investigadora Principal TIMES)<\/p>\n<p><strong>14h15 &#8211; 14h35<\/strong><em><br \/>\nAs Empresas Sociais na Europa<\/em>, Dana Verbal (DG Emprego, Assuntos Sociais e Inclus\u00e3o, Comiss\u00e3o Europeia)<\/p>\n<p><strong>14h35 <em>&#8211; <\/em>14h45<\/strong><em><br \/>\nA Economia Social na Presid\u00eancia Portuguesa da UE, <\/em>Filipa Farelo (Coordenadora Rela\u00e7\u00f5es Institucionais, Setor Cooperativo e Estat\u00edstica CASES<em>)<\/em><\/p>\n<p><strong>14h45 &#8211; 15h10<\/strong><em><br \/>\nAutoapresenta\u00e7\u00e3o de estudos de caso <\/em><\/p>\n<ul>\n<li><em>ColorADD<\/em>, Miguel Neiva (Fundador e Presidente)<\/li>\n<li><em>CASCI &#8211; <\/em><em>Centro de A\u00e7\u00e3o Social do Concelho de \u00cdlhavo<\/em>, Helena Nunes (Coordenadora do Centro de Emprego Protegido)<\/li>\n<li><em>Cooperativa Integral Minga<\/em>, Jorge Gon\u00e7alves (Presidente da Dire\u00e7\u00e3o)<\/li>\n<li><em>Deliciosas Diferen\u00e7as CRL<\/em>, Carla Andrade (Presidente do Conselho de Administra\u00e7\u00e3o)<\/li>\n<li><em>Chapit\u00f4<\/em>, Teresa Ricou (Presidente da Dire\u00e7\u00e3o)<\/li>\n<\/ul>\n<p><strong>15h10 &#8211; 15h20<\/strong><em><br \/>\n<\/em>Perguntas e coment\u00e1rios do p\u00fablico<\/p>\n<p>Modera\u00e7\u00e3o: Hugo Pinto (Investigador CES\/TIMES)<\/p>\n<p><img decoding=\"async\" loading=\"lazy\" class=\"alignnone size-full wp-image-854\" src=\"https:\/\/times.ces.uc.pt\/wp-content\/uploads\/window.jpg\" alt=\"\" width=\"1277\" height=\"778\" srcset=\"https:\/\/times.ces.uc.pt\/wp-content\/uploads\/window.jpg 1277w, https:\/\/times.ces.uc.pt\/wp-content\/uploads\/window-300x183.jpg 300w, https:\/\/times.ces.uc.pt\/wp-content\/uploads\/window-768x468.jpg 768w, https:\/\/times.ces.uc.pt\/wp-content\/uploads\/window-1024x624.jpg 1024w\" sizes=\"(max-width: 1277px) 100vw, 1277px\" \/><\/p>\n<p><strong>15h20 &#8211; 15h30<\/strong><br \/>\nPausa<\/p>\n<p><strong>15h30 &#8211; 15h45<\/strong><em><br \/>\n<\/em><em>Os modelos de empresas sociais em Portugal: os resultados principais do projeto TIMES<\/em>, Silvia Ferreira (FEUC; CES\/TIMES)<\/p>\n<p><strong>15h45 &#8211; 16h15<\/strong><em><br \/>\n<\/em><em>Portugal no cen\u00e1rio internacional dos modelos de empresa social<\/em>, Marthe Nyssens (Professora da Universidade Cat\u00f3lica de Louvain; Co-coordenadora do projeto ICSEM)<\/p>\n<p><strong>16h15 &#8211; 16h30<\/strong><br \/>\nPerguntas e coment\u00e1rios do p\u00fablico<\/p>\n<p>Modera\u00e7\u00e3o: Patr\u00edcia Moura e S\u00e1 (Docente FEUC; Investigadora TIMES)<\/p>\n<p><strong>\u00a0<img decoding=\"async\" loading=\"lazy\" class=\"alignnone size-full wp-image-853\" src=\"https:\/\/times.ces.uc.pt\/wp-content\/uploads\/compare.jpg\" alt=\"\" width=\"1274\" height=\"263\" srcset=\"https:\/\/times.ces.uc.pt\/wp-content\/uploads\/compare.jpg 1274w, https:\/\/times.ces.uc.pt\/wp-content\/uploads\/compare-300x62.jpg 300w, https:\/\/times.ces.uc.pt\/wp-content\/uploads\/compare-768x159.jpg 768w, https:\/\/times.ces.uc.pt\/wp-content\/uploads\/compare-1024x211.jpg 1024w\" sizes=\"(max-width: 1274px) 100vw, 1274px\" \/><\/strong><\/p>\n<p><strong>\u00a0<\/strong><\/p>\n<p><strong>Dia 2<br \/>\n28 Abril, 14h &#8211; 17h<\/strong><\/p>\n<p>&nbsp;<\/p>\n<p><strong>14h-14h10<\/strong><br \/>\n<em>Boas vindas e introdu\u00e7\u00e3o: O contributo das empresas sociais para abordar os desafios sociais e societais<\/em>, Pedro Fidalgo (Investigador CES\/TIMES)<\/p>\n<p><strong>Parte 1 &#8211; <\/strong><strong>I<\/strong><strong>ntegra\u00e7\u00e3o laboral e inclus\u00e3o social <\/strong><\/p>\n<p><strong>14h10 <\/strong><strong>&#8211; <\/strong><strong>14h30<\/strong><br \/>\n<em>As empresas sociais para a integra\u00e7\u00e3o laboral e os servi\u00e7os sociais na Dinamarca e na Europa<\/em>, Lars Hulg\u00e5rd (Professor da Roskilde University, Dinamarca)<\/p>\n<p><strong>14h30 &#8211; 14h40<\/strong><br \/>\n<em>Autoapresenta\u00e7\u00e3o de estudos de caso<\/em><\/p>\n<ul>\n<li><em>CERCIMA &#8211; Cooperativa de Educa\u00e7\u00e3o e Reabilita\u00e7\u00e3o do Cidad\u00e3o Inadaptado do Montijo e Alcochete<\/em>, Cristina Dias (Presidente do Conselho de Administra\u00e7\u00e3o)<\/li>\n<li><em>Kair\u00f3s &#8211; Cooperativa de Incuba\u00e7\u00e3o de Iniciativas de Economia Solid\u00e1ria<\/em>, Pedro Gouveia (Diretor de projetos comunit\u00e1rios)<\/li>\n<\/ul>\n<p><strong>14h40 <\/strong><strong>&#8211; <\/strong><strong>14h55<\/strong><br \/>\nComent\u00e1rio, por Ant\u00f3nio Valadas da Silva (Presidente do IEFP &#8211; Instituto de Emprego e Forma\u00e7\u00e3o Profissional)<\/p>\n<p><strong>14h55 &#8211; 15h10<\/strong><br \/>\nPerguntas e coment\u00e1rios do p\u00fablico<\/p>\n<p>Modera\u00e7\u00e3o: Virg\u00ednia Ferreira (Docente FEUC; Investigadora CES\/TIMES)<\/p>\n<p><strong>15h10 <\/strong><strong>&#8211; 15h20<\/strong><br \/>\nPausa<\/p>\n<p><img decoding=\"async\" loading=\"lazy\" class=\"alignnone size-full wp-image-851\" src=\"https:\/\/times.ces.uc.pt\/wp-content\/uploads\/Inclusion.jpg\" alt=\"\" width=\"1275\" height=\"500\" srcset=\"https:\/\/times.ces.uc.pt\/wp-content\/uploads\/Inclusion.jpg 1275w, https:\/\/times.ces.uc.pt\/wp-content\/uploads\/Inclusion-300x118.jpg 300w, https:\/\/times.ces.uc.pt\/wp-content\/uploads\/Inclusion-768x301.jpg 768w, https:\/\/times.ces.uc.pt\/wp-content\/uploads\/Inclusion-1024x402.jpg 1024w\" sizes=\"(max-width: 1275px) 100vw, 1275px\" \/><\/p>\n<p><strong>Parte 2 &#8211; <\/strong><strong>C<\/strong><strong>ultura, arte e ambiente<\/strong><\/p>\n<p><strong>15h20 <\/strong><strong>&#8211; <\/strong><strong>15h40<\/strong><br \/>\n<em>Empresas sociais para a cultura, a arte e o ambiente<\/em>, Roc\u00edo Nogales (Coordenadora da EMES &#8211; International Research Network)<\/p>\n<p><strong>15h40 &#8211; 15h55<\/strong><br \/>\n<em>Autoapresenta\u00e7\u00e3o de estudos de caso<\/em><\/p>\n<ul>\n<li><em>O Teatr\u00e3o<\/em>, Isabel Craveiro (Presidente da Dire\u00e7\u00e3o)<\/li>\n<li><em>Pro Nobis Cooperativa<\/em>, Michelle Chan (Presidente da Dire\u00e7\u00e3o)<\/li>\n<\/ul>\n<p><strong>15h55 <\/strong><strong>&#8211; <\/strong><strong>16h10<\/strong><br \/>\n<em>Coment\u00e1rio<\/em>:\u00a0 Am\u00e9rico Rodrigues (Diretor-geral da Dire\u00e7\u00e3o Geral das Artes)<\/p>\n<p><strong>16h10 &#8211; 16h25<\/strong><br \/>\nAutoapresenta\u00e7\u00e3o de estudos de caso<\/p>\n<ul>\n<li><em>Coop\u00e9rnico &#8211; Cooperativa de Desenvolvimento Sustent\u00e1vel<\/em>, Miguel Almeida (Membro da Dire\u00e7\u00e3o)<\/li>\n<li><em>Vintage for a Cause<\/em>, Helena Ant\u00f3nia Silva (Fundadora e Coordenadora)<\/li>\n<li><em>Cooperativa de Usu\u00e1rios do Freixo do Meio<\/em>, Alfredo Sendim (Presidente da Dire\u00e7\u00e3o)<\/li>\n<\/ul>\n<p><strong>16h25 <\/strong><strong>&#8211; <\/strong><strong>16h40<\/strong><br \/>\n<em>Coment\u00e1rio<\/em>:\u00a0 Nuno Lacasta (Presidente do Conselho Diretivo da Ag\u00eancia Portuguesa do Ambiente)<\/p>\n<p><strong>16h40 <\/strong><strong>&#8211; <\/strong><strong>17h<\/strong><br \/>\nPerguntas e coment\u00e1rios do p\u00fablico<\/p>\n<p>Modera\u00e7\u00e3o: Teresa Maneca (Investigadora CES\/TIMES)<\/p>\n<p><img decoding=\"async\" loading=\"lazy\" class=\"alignnone size-full wp-image-852\" src=\"https:\/\/times.ces.uc.pt\/wp-content\/uploads\/arteamb.jpg\" alt=\"\" width=\"1278\" height=\"757\" srcset=\"https:\/\/times.ces.uc.pt\/wp-content\/uploads\/arteamb.jpg 1278w, https:\/\/times.ces.uc.pt\/wp-content\/uploads\/arteamb-300x178.jpg 300w, https:\/\/times.ces.uc.pt\/wp-content\/uploads\/arteamb-768x455.jpg 768w, https:\/\/times.ces.uc.pt\/wp-content\/uploads\/arteamb-1024x607.jpg 1024w\" sizes=\"(max-width: 1278px) 100vw, 1278px\" \/><\/p>\n<p><strong>Dia 3<br \/>\n29 Abril, 14h &#8211; 17h<\/strong><\/p>\n<p><strong>14h &#8211; 14h10<\/strong><br \/>\n<em>Boas vindas e introdu\u00e7\u00e3o: desenhando uma agenda pol\u00edtica futura para as capacidades e o papel das empresas sociais<\/em>, Michela Giovannini (CES\/TIMES)<\/p>\n<p><strong>Parte 1 &#8211; Estrat\u00e9gias nacionais para as empresas sociais e a economia social<\/strong><\/p>\n<p><strong>14h10 &#8211; 14h30<\/strong><br \/>\n<em>A iniciativa espanhola sobre a Economia Social<\/em>, Maravillas Esp\u00edn (Diretora Geral do Trabalho Aut\u00f3nomo, da Economia Social e da Responsabilidade Social das Empresas, Minist\u00e9rio de Trabalho e Economia Social, Espanha)<\/p>\n<p><strong>14h30 &#8211; 14h40<\/strong><br \/>\n<em>A Lei de Bases da Economia Social<\/em>, Eduardo Gra\u00e7a (Presidente da Dire\u00e7\u00e3o da CASES \u2013 Cooperativa Ant\u00f3nio S\u00e9rgio para a Economia Social)<\/p>\n<p><strong>14h40 <\/strong><strong>&#8211; <\/strong><strong>14h50<\/strong><br \/>\n<em>Balan\u00e7o da Iniciativa Portugal &#8211; Inova\u00e7\u00e3o Social<\/em>, Filipe Almeida (Presidente da Estrutura de Miss\u00e3o)<\/p>\n<p><strong>14h50 <\/strong><strong>&#8211; <\/strong><strong>15h<\/strong><br \/>\nAutoapresenta\u00e7\u00e3o de estudos de caso<\/p>\n<ul>\n<li><em>Benefic\u00eancia Familiar \u2013 Associa\u00e7\u00e3o de Socorros M\u00fatuos<\/em>, Carlos Jorge Silva (Presidente do Conselho de Administra\u00e7\u00e3o)<\/li>\n<li><em>Microninho\/<\/em><em>Associa\u00e7\u00e3o de Desenvolvimento Social e Cultural dos Cinco Lugares<\/em>, Liliana Sim\u00f5es (Fundadora e Diretora-Geral)<\/li>\n<\/ul>\n<p><strong>15h &#8211; 15h10<\/strong><br \/>\nPerguntas e coment\u00e1rios do p\u00fablico<\/p>\n<p>Modera\u00e7\u00e3o: Hugo Pinto (Investigador CES\/TIMES)<\/p>\n<p><strong>15h10 &#8211; 15h20<\/strong><br \/>\nPausa<\/p>\n<p><strong>\u00a0<img decoding=\"async\" loading=\"lazy\" class=\"alignnone size-full wp-image-855\" src=\"https:\/\/times.ces.uc.pt\/wp-content\/uploads\/europa.jpg\" alt=\"\" width=\"1239\" height=\"581\" srcset=\"https:\/\/times.ces.uc.pt\/wp-content\/uploads\/europa.jpg 1239w, https:\/\/times.ces.uc.pt\/wp-content\/uploads\/europa-300x141.jpg 300w, https:\/\/times.ces.uc.pt\/wp-content\/uploads\/europa-768x360.jpg 768w, https:\/\/times.ces.uc.pt\/wp-content\/uploads\/europa-1024x480.jpg 1024w\" sizes=\"(max-width: 1239px) 100vw, 1239px\" \/><\/strong><\/p>\n<p><strong>Parte 2 &#8211; Estrat\u00e9gias europeias para as empresas sociais e a economia social <\/strong><\/p>\n<p><strong>15h20 &#8211; 15h40<\/strong><br \/>\n<em>O Plano de A\u00e7\u00e3o Europeu para a Economia Social, <\/em>Victor Meseguer (Presidente da Social Economy Europe)<\/p>\n<p><strong>15h40 <\/strong><strong>&#8211; <\/strong><strong>16h20<\/strong><br \/>\nComent\u00e1rios das partes 1 e 2, por representantes de estruturas federativas:<\/p>\n<ul>\n<li>Francisco Silva (Diretor Geral da CPES &#8211; Confedera\u00e7\u00e3o Portuguesa da Economia Social)<\/li>\n<li>Rog\u00e9rio Ca\u00e7\u00e3o (Presidente da dire\u00e7\u00e3o CONFECOOP &#8211; Confedera\u00e7\u00e3o Cooperativa Portuguesa<em>, e <\/em>Vice-presidente do Conselho de Administra\u00e7\u00e3o FENACERCI Federa\u00e7\u00e3o Nacional de Cooperativas de Solidariedade Social)<\/li>\n<li>Henrique Rodrigues (Assessor da Dire\u00e7\u00e3o da CNIS Confedera\u00e7\u00e3o Nacional das Institui\u00e7\u00f5es de Solidariedade)<\/li>\n<li>Marco Domingues (Presidente da dire\u00e7\u00e3o ANIMAR &#8211; Associa\u00e7\u00e3o Portuguesa de Desenvolvimento Local)<\/li>\n<li>Carlota Quint\u00e3o (Representante RESIT &#8211; Rede de Empresas Sociais para a Inser\u00e7\u00e3o pelo Trabalho)<\/li>\n<\/ul>\n<p><strong>16h20<\/strong><strong>&#8211;<\/strong><strong>16h40<\/strong><br \/>\nPerguntas e coment\u00e1rios do p\u00fablico<\/p>\n<p><strong>16h40<\/strong><br \/>\n<em>Considera\u00e7\u00f5es finais: os ecossistemas das empresas sociais<\/em>, Hugo Pinto (Investigador Co-Respons\u00e1vel TIMES)<\/p>\n<p>Modera\u00e7\u00e3o: Elisabete Ramos (Docente da FEUC; Investigadora TIMES)<\/p>\n<p><img decoding=\"async\" loading=\"lazy\" class=\"alignnone size-full wp-image-856\" src=\"https:\/\/times.ces.uc.pt\/wp-content\/uploads\/federative.jpg\" alt=\"\" width=\"1152\" height=\"776\" srcset=\"https:\/\/times.ces.uc.pt\/wp-content\/uploads\/federative.jpg 1152w, https:\/\/times.ces.uc.pt\/wp-content\/uploads\/federative-300x202.jpg 300w, https:\/\/times.ces.uc.pt\/wp-content\/uploads\/federative-768x517.jpg 768w, https:\/\/times.ces.uc.pt\/wp-content\/uploads\/federative-1024x690.jpg 1024w\" sizes=\"(max-width: 1152px) 100vw, 1152px\" \/><\/p>\n","protected":false},"excerpt":{"rendered":"<p>Nos dias 27, 28, 29 de Abril de 2021 (14h-17h GMT+1) decorreu, em formato digital, o col\u00f3quio internacional do Projeto TIMES, com dois objetivos: apresentar os resultados principais do projeto TIMES sobre as ES em Portugal e debater os desafios principais para as ES ao n\u00edvel organizativo, social e pol\u00edtico, ajudando \u00e0 cria\u00e7\u00e3o de uma [&hellip;]<\/p>\n","protected":false},"author":3,"featured_media":832,"comment_status":"closed","ping_status":"open","sticky":false,"template":"","format":"standard","meta":{"footnotes":""},"categories":[20],"tags":[],"_links":{"self":[{"href":"https:\/\/times.ces.uc.pt\/index.php?rest_route=\/wp\/v2\/posts\/631"}],"collection":[{"href":"https:\/\/times.ces.uc.pt\/index.php?rest_route=\/wp\/v2\/posts"}],"about":[{"href":"https:\/\/times.ces.uc.pt\/index.php?rest_route=\/wp\/v2\/types\/post"}],"author":[{"embeddable":true,"href":"https:\/\/times.ces.uc.pt\/index.php?rest_route=\/wp\/v2\/users\/3"}],"replies":[{"embeddable":true,"href":"https:\/\/times.ces.uc.pt\/index.php?rest_route=%2Fwp%2Fv2%2Fcomments&post=631"}],"version-history":[{"count":10,"href":"https:\/\/times.ces.uc.pt\/index.php?rest_route=\/wp\/v2\/posts\/631\/revisions"}],"predecessor-version":[{"id":857,"href":"https:\/\/times.ces.uc.pt\/index.php?rest_route=\/wp\/v2\/posts\/631\/revisions\/857"}],"wp:featuredmedia":[{"embeddable":true,"href":"https:\/\/times.ces.uc.pt\/index.php?rest_route=\/wp\/v2\/media\/832"}],"wp:attachment":[{"href":"https:\/\/times.ces.uc.pt\/index.php?rest_route=%2Fwp%2Fv2%2Fmedia&parent=631"}],"wp:term":[{"taxonomy":"category","embeddable":true,"href":"https:\/\/times.ces.uc.pt\/index.php?rest_route=%2Fwp%2Fv2%2Fcategories&post=631"},{"taxonomy":"post_tag","embeddable":true,"href":"https:\/\/times.ces.uc.pt\/index.php?rest_route=%2Fwp%2Fv2%2Ftags&post=631"}],"curies":[{"name":"wp","href":"https:\/\/api.w.org\/{rel}","templated":true}]}}